{"id":335,"date":"2021-11-17T07:30:47","date_gmt":"2021-11-17T07:30:47","guid":{"rendered":"https:\/\/affiv.com\/?p=335"},"modified":"2022-09-01T05:21:27","modified_gmt":"2022-09-01T05:21:27","slug":"best-time-to-post-on-facebook-and-instagram","status":"publish","type":"post","link":"https:\/\/affiv.com\/fr\/meilleur-moment-pour-poster-sur-facebook-et-instagram-en-2021\/","title":{"rendered":"Meilleur moment pour publier sur Facebook et Instagram en 2022"},"content":{"rendered":"<p>Le meilleur moment pour publier sur Facebook ou Instagram n&#039;est pas une \u00ab constante \u00bb mais une \u00ab variable \u00bb qui change en fonction de la strat\u00e9gie de contenu, du public cible et du type de page.<\/p>\n\n\n\n<p>En mai de cette ann\u00e9e, SproutSocial a \u00e9tudi\u00e9 les mod\u00e8les d&#039;interaction de plus de 20 000 utilisateurs sur les r\u00e9seaux sociaux am\u00e9ricains (y compris Facebook, Instagram, Twitter, etc.) et a trouv\u00e9 le \u00ab meilleur \u00bb moment pour publier.<\/p>\n\n\n\n<p>Bien que le fuseau horaire soit am\u00e9ricain, nous pouvons toujours l&#039;utiliser comme r\u00e9f\u00e9rence et r\u00e9fl\u00e9chir au sujet du \u00ab meilleur moment pour publier \u00bb.<\/p>\n\n\n\n<div class=\"wp-block-ht-block-toc is-style-outline htoc htoc--position-wide toc-list-style-plain\" data-htoc-state=\"expanded\"><span class=\"htoc__title\"><span class=\"ht_toc_title\">Table des mati\u00e8res<\/span><span class=\"htoc__toggle\"><svg xmlns=\"http:\/\/www.w3.org\/2000\/svg\" width=\"16\" height=\"16\"><g fill=\"#444\"><path d=\"M15 7H1c-.6 0-1 .4-1 1s.4 1 1 1h14c.6 0 1-.4 1-1s-.4-1-1-1z\"><\/path><path d=\"M15 1H1c-.6 0-1 .4-1 1s.4 1 1 1h14c.6 0 1-.4 1-1s-.4-1-1-1zM15 13H1c-.6 0-1 .4-1 1s.4 1 1 1h14c.6 0 1-.4 1-1s-.4-1-1-1z\"><\/path><\/g><\/svg><\/span><\/span><div class=\"htoc__itemswrap\"><ul class=\"ht_toc_list\"><li class=\"\"><a href=\"#htoc-facebook-s-best-post-time\">Meilleur moment pour publier sur Facebook<\/a><\/li><li class=\"\"><a href=\"#htoc-instagram-s-best-post-time\">Meilleur moment pour publier sur Instagram<\/a><ul class=\"ht_toc_child_list\"><\/ul><\/li><li class=\"\"><a href=\"#htoc-posting-news-in-the-morning-and-informative-content-in-the-evening\">Publier des nouvelles le matin et du contenu informatif le soir<\/a><\/li><li class=\"\"><a href=\"#htoc-posting-simple-direct-and-emotional-content-on-holidays\">Publier du contenu simple, direct et \u00e9motionnel pendant les vacances<\/a><\/li><li class=\"\"><a href=\"#htoc-post-half-an-hour-in-advance\">Postez une demi-heure \u00e0 l&#039;avance<\/a><\/li><li class=\"\"><a href=\"#htoc-summary\">R\u00e9sum\u00e9<\/a><\/li><\/ul><\/div><\/div>\n\n\n\n<h2 class=\"wp-block-heading\" id=\"htoc-facebook-s-best-post-time\">Meilleur moment pour publier sur Facebook<\/h2>\n\n\n\n<figure class=\"wp-block-image size-large\"><img decoding=\"async\" src=\"data:image\/gif;base64,R0lGODlhAQABAIAAAAAAAP\/\/\/yH5BAEAAAAALAAAAAABAAEAAAIBRAA7\" data-src=\"http:\/\/affiv.com\/wp-content\/uploads\/2021\/11\/best-time-to-post-on-facebook-1024x704.jpg\" alt=\"Meilleur moment pour publier sur Facebook\" class=\"wp-image-336 lazyload\"\/><noscript><img decoding=\"async\" width=\"900\" height=\"619\" src=\"https:\/\/i0.wp.com\/affiv.com\/wp-content\/uploads\/2021\/11\/best-time-to-post-on-facebook.jpg?resize=900%2C619\" alt=\"Meilleur moment pour publier sur Facebook\" class=\"wp-image-336 lazyload\" srcset=\"https:\/\/i0.wp.com\/affiv.com\/wp-content\/uploads\/2021\/11\/best-time-to-post-on-facebook.jpg?resize=1024%2C704&amp;ssl=1 1024w, https:\/\/i0.wp.com\/affiv.com\/wp-content\/uploads\/2021\/11\/best-time-to-post-on-facebook.jpg?resize=300%2C206&amp;ssl=1 300w, https:\/\/i0.wp.com\/affiv.com\/wp-content\/uploads\/2021\/11\/best-time-to-post-on-facebook.jpg?resize=768%2C528&amp;ssl=1 768w, https:\/\/i0.wp.com\/affiv.com\/wp-content\/uploads\/2021\/11\/best-time-to-post-on-facebook.jpg?resize=18%2C12&amp;ssl=1 18w, https:\/\/i0.wp.com\/affiv.com\/wp-content\/uploads\/2021\/11\/best-time-to-post-on-facebook.jpg?w=1080&amp;ssl=1 1080w\" sizes=\"(max-width: 900px) 100vw, 900px\" data-recalc-dims=\"1\" \/><\/noscript><\/figure>\n\n\n\n<p>Le \u00ab meilleur \u00bb moment pour publier sur Facebook : mardi, mercredi et vendredi, de 09h00 \u00e0 13h00.<\/p>\n\n\n\n<p>Selon <a href=\"https:\/\/sproutsocial.com\/\" target=\"_blank\" rel=\"noreferrer noopener\">Les donn\u00e9es de SproutSocial<\/a>, la plupart des gens interagissent sur Facebook avant le d\u00e9jeuner en semaine.<\/p>\n\n\n\n<p>Au contraire, le temps pass\u00e9 sur les t\u00e9l\u00e9phones portables pendant les vacances est relativement moindre, mais il semble que les gens aiment consulter Facebook pendant l&#039;heure du d\u00e9jeuner.<\/p>\n\n\n\n<p>En termes de temps, les premi\u00e8res heures du matin attirent \u00e9galement un certain engagement, vers 02h00-04h00, ce qui n&#039;est pas aussi actif que le pic, mais toujours int\u00e9ressant \u00e0 voir.<\/p>\n\n\n\n<h2 class=\"wp-block-heading\" id=\"htoc-instagram-s-best-post-time\">Meilleur moment pour publier sur Instagram<\/h2>\n\n\n\n<figure class=\"wp-block-image size-large\"><img decoding=\"async\" src=\"data:image\/gif;base64,R0lGODlhAQABAIAAAAAAAP\/\/\/yH5BAEAAAAALAAAAAABAAEAAAIBRAA7\" data-src=\"http:\/\/affiv.com\/wp-content\/uploads\/2021\/11\/best-time-to-post-on-instagram-1024x714.png\" alt=\"meilleur moment pour poster sur instagram\" class=\"wp-image-337 lazyload\"\/><noscript><img decoding=\"async\" width=\"900\" height=\"628\" src=\"https:\/\/i0.wp.com\/affiv.com\/wp-content\/uploads\/2021\/11\/best-time-to-post-on-instagram.png?resize=900%2C628\" alt=\"meilleur moment pour poster sur instagram\" class=\"wp-image-337 lazyload\" srcset=\"https:\/\/i0.wp.com\/affiv.com\/wp-content\/uploads\/2021\/11\/best-time-to-post-on-instagram.png?resize=1024%2C714&amp;ssl=1 1024w, https:\/\/i0.wp.com\/affiv.com\/wp-content\/uploads\/2021\/11\/best-time-to-post-on-instagram.png?resize=300%2C209&amp;ssl=1 300w, https:\/\/i0.wp.com\/affiv.com\/wp-content\/uploads\/2021\/11\/best-time-to-post-on-instagram.png?resize=768%2C535&amp;ssl=1 768w, https:\/\/i0.wp.com\/affiv.com\/wp-content\/uploads\/2021\/11\/best-time-to-post-on-instagram.png?resize=18%2C12&amp;ssl=1 18w, https:\/\/i0.wp.com\/affiv.com\/wp-content\/uploads\/2021\/11\/best-time-to-post-on-instagram.png?w=1076&amp;ssl=1 1076w\" sizes=\"(max-width: 900px) 100vw, 900px\" data-recalc-dims=\"1\" \/><\/noscript><\/figure>\n\n\n\n<p>La \u00ab meilleure \u00bb heure de publication d&#039;Instagram : lundi, mardi, mercredi, vendredi, de 11h \u00e0 14h<\/p>\n\n\n\n<p>Tout d&#039;abord, parlons de la diff\u00e9rence entre la distribution temporelle d&#039;Instagram et de Facebook.<\/p>\n\n\n\n<p>D&#039;une mani\u00e8re g\u00e9n\u00e9rale, les utilisateurs d&#039;Instagram semblent \u00eatre plus concentr\u00e9s que les utilisateurs de Facebook, et l&#039;heure de pointe est \u00e9galement retard\u00e9e de 09h00-13h00 \u00e0 11h00-14h00.<\/p>\n\n\n\n<p>Bien que l&#039;environnement g\u00e9n\u00e9ral soit encore domin\u00e9 par l&#039;engagement en semaine, il est \u00e9vident que l&#039;engagement au petit matin est inf\u00e9rieur \u00e0 celui de Facebook.<\/p>\n\n\n\n<h3 class=\"wp-block-heading\" id=\"htoc-r\"> Lisez aussi : <a href=\"https:\/\/affiv.com\/fr\/quest-ce-que-pinterest-comment-diriger-le-trafic-web-pinterest-vers-votre-site-web\/\">Qu&#039;est-ce que Pinterest? Comment g\u00e9n\u00e9rer du trafic Web Pinterest vers votre site Web ?<\/a><\/h3>\n\n\n\n<h2 class=\"wp-block-heading\" id=\"htoc-posting-news-in-the-morning-and-informative-content-in-the-evening\">Publier des nouvelles le matin et du contenu informatif le soir<\/h2>\n\n\n\n<p>Je pensais que je ne voudrais pas glisser mon t\u00e9l\u00e9phone en rentrant \u00e0 la maison apr\u00e8s le travail. Mais ce n&#039;est pas.<\/p>\n\n\n\n<p>D&#039;apr\u00e8s l&#039;exp\u00e9rience pass\u00e9e des m\u00e9dias en ligne, je pense que Facebook est plus susceptible qu&#039;Instagram de mener \u00e0 des articles de blog et \u00e0 des sites de liens externes, permettant aux utilisateurs de lire de \u00ab longs articles \u00bb.<\/p>\n\n\n\n<p>En effet, apr\u00e8s le d\u00eener, avant d&#039;aller se coucher, il y a beaucoup de pens\u00e9es, avant que \u00ab l&#039;Erreur \u00bb n&#039;entre et fasse que les gens posent leur t\u00e9l\u00e9phone, l&#039;habitude de glisser le t\u00e9l\u00e9phone est principalement pour regarder des vid\u00e9os et lire des articles.<\/p>\n\n\n\n<p>Par cons\u00e9quent, dans le pass\u00e9, de nombreuses pages Link Post (en particulier les m\u00e9dias en ligne) publiaient au moins un message apr\u00e8s le d\u00eener (vers 19h00) et avant le coucher (vers 22h00), car apr\u00e8s tout, il est difficile d&#039;en recevoir trop. informations pendant les heures de travail, donc des contenus informatifs sont publi\u00e9s \u00e0 ce moment-l\u00e0.<\/p>\n\n\n\n<p>En ce qui concerne les heures du matin, les gens prennent le bus pour se rendre au travail, mais ont plus de temps pour faire glisser le t\u00e9l\u00e9phone et lire les nouvelles, qu&#039;ils lisent ou non les gros titres, cette fois est en effet une bonne occasion de lire les nouvelles.<\/p>\n\n\n\n<p>De la m\u00eame mani\u00e8re, nous pouvons prendre en compte le mode de vie de l&#039;audience de notre page de pr\u00e9sentation, afin de pouvoir leur fournir le bon contenu au bon moment.<\/p>\n\n\n\n<figure class=\"wp-block-image size-large\"><img decoding=\"async\" src=\"data:image\/gif;base64,R0lGODlhAQABAIAAAAAAAP\/\/\/yH5BAEAAAAALAAAAAABAAEAAAIBRAA7\" data-src=\"https:\/\/affiv.com\/wp-content\/uploads\/2021\/11\/pexels-photo-4185957-1024x682.jpeg\" alt=\"femme en chemise blanche lisant les nouvelles du coronavirus\" class=\"wp-image-338 lazyload\"\/><noscript><img decoding=\"async\" width=\"900\" height=\"599\" src=\"https:\/\/i0.wp.com\/affiv.com\/wp-content\/uploads\/2021\/11\/pexels-photo-4185957-1024x682.jpeg?resize=900%2C599&#038;ssl=1\" alt=\"femme en chemise blanche lisant les nouvelles du coronavirus\" class=\"wp-image-338 lazyload\" srcset=\"https:\/\/i0.wp.com\/affiv.com\/wp-content\/uploads\/2021\/11\/pexels-photo-4185957.jpeg?resize=1024%2C682&amp;ssl=1 1024w, https:\/\/i0.wp.com\/affiv.com\/wp-content\/uploads\/2021\/11\/pexels-photo-4185957.jpeg?resize=300%2C200&amp;ssl=1 300w, https:\/\/i0.wp.com\/affiv.com\/wp-content\/uploads\/2021\/11\/pexels-photo-4185957.jpeg?resize=768%2C512&amp;ssl=1 768w, https:\/\/i0.wp.com\/affiv.com\/wp-content\/uploads\/2021\/11\/pexels-photo-4185957.jpeg?resize=1536%2C1024&amp;ssl=1 1536w, https:\/\/i0.wp.com\/affiv.com\/wp-content\/uploads\/2021\/11\/pexels-photo-4185957.jpeg?resize=18%2C12&amp;ssl=1 18w, https:\/\/i0.wp.com\/affiv.com\/wp-content\/uploads\/2021\/11\/pexels-photo-4185957.jpeg?resize=600%2C400&amp;ssl=1 600w, https:\/\/i0.wp.com\/affiv.com\/wp-content\/uploads\/2021\/11\/pexels-photo-4185957.jpeg?w=1880&amp;ssl=1 1880w, https:\/\/i0.wp.com\/affiv.com\/wp-content\/uploads\/2021\/11\/pexels-photo-4185957.jpeg?w=1800 1800w\" sizes=\"(max-width: 900px) 100vw, 900px\" data-recalc-dims=\"1\" \/><\/noscript><figcaption>Photo par alleksana sur <a href=\"https:\/\/www.pexels.com\/photo\/woman-in-white-dress-shirt-reading-coronavirus-news-4185957\/\" rel=\"nofollow noopener\" target=\"_blank\">Pexels.com<\/a><\/figcaption><\/figure>\n\n\n\n<h2 class=\"wp-block-heading\" id=\"htoc-posting-simple-direct-and-emotional-content-on-holidays\">Publier du contenu simple, direct et \u00e9motionnel pendant les vacances<\/h2>\n\n\n\n<p>En vacances, nous nous r\u00e9unissons g\u00e9n\u00e9ralement avec d&#039;autres et faisons des activit\u00e9s, r\u00e9duisant ainsi les chances et le temps de glisser le t\u00e9l\u00e9phone.<\/p>\n\n\n\n<p>Par cons\u00e9quent, vous voudrez peut-\u00eatre garder le contenu simple et facile \u00e0 assimiler, ou publier des images faciles \u00e0 comprendre et ne n\u00e9cessitant pas trop d&#039;efforts, ou m\u00eame essayer d&#039;\u00eatre \u00e9motif et de r\u00e9sonner avec les gens, ce qui sera mieux que les jours de semaine.<\/p>\n\n\n\n<p>Si la publication r\u00e9p\u00e9titive de contenu ne vous d\u00e9range pas, vous pouvez choisir le contenu qui a \u00e9t\u00e9 bien ex\u00e9cut\u00e9 il y a deux ou trois mois et le publier \u00e0 nouveau pendant les vacances (principalement Link Post, ou republier le contenu dans un format diff\u00e9rent) pour atteindre le la plupart des utilisateurs.<\/p>\n\n\n\n<h2 class=\"wp-block-heading\" id=\"htoc-post-half-an-hour-in-advance\">Postez une demi-heure \u00e0 l&#039;avance<\/h2>\n\n\n\n<p>Si les utilisateurs cibles sont pour la plupart en ligne \u00e0 19h00, vous pouvez essayer de publier vers 18h30.<\/p>\n\n\n\n<p>Parce que la publication a besoin de temps pour \u00eatre transmise aux utilisateurs, il y a donc ce dicton.<\/p>\n\n\n\n<p>Quand les fans de votre page se connectent-ils\u00a0?<\/p>\n\n\n\n<p>Le moyen le plus pratique de trouver le meilleur moment pour publier votre page est d&#039;acc\u00e9der au rapport d&#039;analyse de votre page.<\/p>\n\n\n\n<p>Voyez quand le plus grand nombre de personnes sont en ligne, et avec un peu d&#039;exp\u00e9rience, d\u00e9terminez quelles cat\u00e9gories et quels contenus sont les plus appropri\u00e9s pour publier \u00e0 quels moments.<\/p>\n\n\n\n<p>Vous pouvez acc\u00e9der au rapport Insight -&gt; Publications -&gt; Lorsque vos fans se connectent.<\/p>\n\n\n\n<p>Vous pouvez consulter les informations pertinentes. Cependant, vous devez faire attention au fuseau horaire du rapport.<\/p>\n\n\n\n<h2 class=\"wp-block-heading\" id=\"htoc-summary\">R\u00e9sum\u00e9<\/h2>\n\n\n\n<p>Afin de conna\u00eetre le meilleur moment pour publier une page de vedette, outre les m\u00e9thodes ci-dessus, certaines personnes observeront \u00e9galement le temps de publication d&#039;autres concurrents pour \u00e9viter le poids ou saisir conjointement ce temps.<\/p>\n\n\n\n<p>Certaines personnes essaieront de publier d&#039;abord pendant un mois, puis s&#039;adapteront progressivement en fonction des donn\u00e9es, qui ne peuvent \u00eatre s\u00e9par\u00e9es de l&#039;habitude de pr\u00e9dire la plus grande audience.<\/p>\n\n\n\n<p>Mais je pense que la m\u00e9thode la plus souhaitable est que plus vous comprenez le public cible, plus il est facile de trouver le meilleur moment pour publier.<\/p>","protected":false},"excerpt":{"rendered":"<p>Le meilleur moment pour publier sur Facebook ou Instagram n&#039;est pas une \u00ab constante \u00bb mais une \u00ab variable \u00bb qui change en fonction de la strat\u00e9gie de contenu, du public cible et du type de page. En mai de. <a class=\"read-more-link\" href=\"https:\/\/affiv.com\/fr\/meilleur-moment-pour-poster-sur-facebook-et-instagram-en-2021\/\">lire la suite...<\/a><\/p>","protected":false},"author":1,"featured_media":339,"comment_status":"closed","ping_status":"open","sticky":false,"template":"","format":"standard","meta":{"_jetpack_memberships_contains_paid_content":false,"footnotes":""},"categories":[114,116],"tags":[131,118],"class_list":["post-335","post","type-post","status-publish","format-standard","has-post-thumbnail","hentry","category-facebook","category-social-media","tag-facebook","tag-instagram"],"jetpack_sharing_enabled":true,"jetpack_featured_media_url":"https:\/\/i0.wp.com\/affiv.com\/wp-content\/uploads\/2021\/11\/twitter-facebook-together-exchange-of-information-147413.jpeg?fit=1880%2C1253&ssl=1","jetpack-related-posts":[],"_links":{"self":[{"href":"https:\/\/affiv.com\/fr\/wp-json\/wp\/v2\/posts\/335","targetHints":{"allow":["GET"]}}],"collection":[{"href":"https:\/\/affiv.com\/fr\/wp-json\/wp\/v2\/posts"}],"about":[{"href":"https:\/\/affiv.com\/fr\/wp-json\/wp\/v2\/types\/post"}],"author":[{"embeddable":true,"href":"https:\/\/affiv.com\/fr\/wp-json\/wp\/v2\/users\/1"}],"replies":[{"embeddable":true,"href":"https:\/\/affiv.com\/fr\/wp-json\/wp\/v2\/comments?post=335"}],"version-history":[{"count":2,"href":"https:\/\/affiv.com\/fr\/wp-json\/wp\/v2\/posts\/335\/revisions"}],"predecessor-version":[{"id":1014,"href":"https:\/\/affiv.com\/fr\/wp-json\/wp\/v2\/posts\/335\/revisions\/1014"}],"wp:featuredmedia":[{"embeddable":true,"href":"https:\/\/affiv.com\/fr\/wp-json\/wp\/v2\/media\/339"}],"wp:attachment":[{"href":"https:\/\/affiv.com\/fr\/wp-json\/wp\/v2\/media?parent=335"}],"wp:term":[{"taxonomy":"category","embeddable":true,"href":"https:\/\/affiv.com\/fr\/wp-json\/wp\/v2\/categories?post=335"},{"taxonomy":"post_tag","embeddable":true,"href":"https:\/\/affiv.com\/fr\/wp-json\/wp\/v2\/tags?post=335"}],"curies":[{"name":"wp","href":"https:\/\/api.w.org\/{rel}","templated":true}]}}