{"id":1227,"date":"2023-10-18T09:21:21","date_gmt":"2023-10-18T09:21:21","guid":{"rendered":"https:\/\/affiv.com\/?p=1227"},"modified":"2023-10-18T09:21:28","modified_gmt":"2023-10-18T09:21:28","slug":"how-to-reject-a-job-offer-nicely","status":"publish","type":"post","link":"https:\/\/affiv.com\/pt\/como-rejeitar-uma-oferta-de-emprego-bem\/","title":{"rendered":"Como rejeitar bem uma oferta de emprego"},"content":{"rendered":"<p>Parab\u00e9ns! Voc\u00ea recebeu uma oferta de emprego. \u00c9 um momento emocionante em sua jornada de busca de emprego. No entanto, ap\u00f3s uma considera\u00e7\u00e3o cuidadosa, voc\u00ea chegou \u00e0 dif\u00edcil decis\u00e3o de que esta oportunidade espec\u00edfica n\u00e3o \u00e9 adequada para voc\u00ea. Embora recusar uma oferta de emprego possa ser desconfort\u00e1vel, \u00e9 essencial lidar com isso com eleg\u00e2ncia e profissionalismo. Nesta postagem do blog, orientaremos voc\u00ea no processo de rejei\u00e7\u00e3o de uma oferta de emprego, mantendo um relacionamento positivo com o empregador. Ao dominar essa habilidade, voc\u00ea pode proteger sua reputa\u00e7\u00e3o, deixar portas abertas para oportunidades futuras e navegar em sua carreira com confian\u00e7a.<\/p>\n\n\n\n<h3 class=\"wp-block-heading\"><strong>Compreendendo a import\u00e2ncia de uma rejei\u00e7\u00e3o educada de uma oferta de emprego<\/strong><\/h3>\n\n\n\n<p>Rejeitar uma oferta de emprego nunca \u00e9 uma tarefa f\u00e1cil, mas \u00e9 fundamental trat\u00e1-la com profissionalismo e cortesia. Embora possa ser tentador simplesmente ignorar ou recusar uma oferta abruptamente, reservar um tempo para rejeit\u00e1-la pode ajudar a manter uma reputa\u00e7\u00e3o positiva e preservar oportunidades futuras. Nesta postagem do blog, exploraremos como rejeitar uma oferta de emprego com eleg\u00e2ncia e, ao mesmo tempo, manter um relacionamento respeitoso com o empregador.<\/p>\n\n\n\n<figure class=\"wp-block-image size-large\"><img decoding=\"async\" src=\"data:image\/gif;base64,R0lGODlhAQABAIAAAAAAAP\/\/\/yH5BAEAAAAALAAAAAABAAEAAAIBRAA7\" data-src=\"https:\/\/affiv.com\/wp-content\/uploads\/2023\/10\/pexels-photo-3184465-1024x682.jpeg\" alt=\"homem e mulher perto da mesa\" class=\"wp-image-1228 lazyload\"\/><noscript><img decoding=\"async\" width=\"900\" height=\"599\" src=\"https:\/\/i0.wp.com\/affiv.com\/wp-content\/uploads\/2023\/10\/pexels-photo-3184465-1024x682.jpeg?resize=900%2C599&#038;ssl=1\" alt=\"homem e mulher perto da mesa\" class=\"wp-image-1228 lazyload\" srcset=\"https:\/\/i0.wp.com\/affiv.com\/wp-content\/uploads\/2023\/10\/pexels-photo-3184465.jpeg?resize=1024%2C682&amp;ssl=1 1024w, https:\/\/i0.wp.com\/affiv.com\/wp-content\/uploads\/2023\/10\/pexels-photo-3184465.jpeg?resize=300%2C200&amp;ssl=1 300w, https:\/\/i0.wp.com\/affiv.com\/wp-content\/uploads\/2023\/10\/pexels-photo-3184465.jpeg?resize=768%2C512&amp;ssl=1 768w, https:\/\/i0.wp.com\/affiv.com\/wp-content\/uploads\/2023\/10\/pexels-photo-3184465.jpeg?resize=1536%2C1024&amp;ssl=1 1536w, https:\/\/i0.wp.com\/affiv.com\/wp-content\/uploads\/2023\/10\/pexels-photo-3184465.jpeg?resize=18%2C12&amp;ssl=1 18w, https:\/\/i0.wp.com\/affiv.com\/wp-content\/uploads\/2023\/10\/pexels-photo-3184465.jpeg?resize=600%2C400&amp;ssl=1 600w, https:\/\/i0.wp.com\/affiv.com\/wp-content\/uploads\/2023\/10\/pexels-photo-3184465.jpeg?w=1880&amp;ssl=1 1880w, https:\/\/i0.wp.com\/affiv.com\/wp-content\/uploads\/2023\/10\/pexels-photo-3184465.jpeg?w=1800 1800w\" sizes=\"(max-width: 900px) 100vw, 900px\" data-recalc-dims=\"1\" \/><\/noscript><figcaption class=\"wp-element-caption\">Foto de fauxels em <a href=\"https:\/\/www.pexels.com\/photo\/man-and-woman-near-table-3184465\/\" rel=\"nofollow noopener\" target=\"_blank\">Pexels.com<\/a><\/figcaption><\/figure>\n\n\n\n<h3 class=\"wp-block-heading\"><strong>Avaliando a oferta de emprego e sua decis\u00e3o<\/strong><\/h3>\n\n\n\n<p>Antes de rejeitar uma oferta de emprego, \u00e9 crucial avaliar a oferta em si e a sua pr\u00f3pria decis\u00e3o. D\u00ea um passo para tr\u00e1s e considere os motivos pelos quais a fun\u00e7\u00e3o pode n\u00e3o estar alinhada com seus objetivos, valores ou circunst\u00e2ncias pessoais de longo prazo. Certifique-se de ter avaliado minuciosamente o pacote de remunera\u00e7\u00e3o, benef\u00edcios, equil\u00edbrio entre vida pessoal e profissional, oportunidades de crescimento e alinhamento com suas aspira\u00e7\u00f5es de carreira. Esta avalia\u00e7\u00e3o ir\u00e1 ajud\u00e1-lo a tomar uma decis\u00e3o informada e fornecer uma explica\u00e7\u00e3o clara e concisa ao rejeitar a oferta.<\/p>\n\n\n\n<h3 class=\"wp-block-heading\"><strong>Comunicando sua decis\u00e3o profissionalmente<\/strong><\/h3>\n\n\n\n<p>Depois de tomar a decis\u00e3o de recusar a oferta de emprego, \u00e9 hora de comunic\u00e1-la profissionalmente. Embora possa ser tentador evitar totalmente a conversa, \u00e9 essencial entrar em contato com o empregador imediatamente. Um telefonema costuma ser a forma mais pessoal e respeitosa de transmitir a not\u00edcia, mas se isso n\u00e3o for poss\u00edvel, um e-mail bem elaborado ser\u00e1 suficiente.<\/p>\n\n\n\n<h3 class=\"wp-block-heading\"><strong>Elaborando um e-mail bem pensado de rejei\u00e7\u00e3o de oferta de emprego<\/strong><\/h3>\n\n\n\n<p>Ao escrever um e-mail de rejei\u00e7\u00e3o de oferta de emprego, \u00e9 crucial manter um tom educado e agradecido. Comece expressando sua gratid\u00e3o pela oportunidade e pelo tempo que o empregador investiu no processo de entrevista. Seja sincero e espec\u00edfico ao reconhecer os aspectos positivos da empresa e da oferta. Em seguida, declare claramente sua decis\u00e3o de recusar a oferta, mantendo a mensagem concisa e direta. Evite entrar em detalhes desnecess\u00e1rios ou feedback negativo sobre a empresa ou a fun\u00e7\u00e3o.<\/p>\n\n\n\n<p>Aqui est\u00e1 um exemplo de e-mail atencioso de rejei\u00e7\u00e3o de oferta de emprego:<\/p>\n\n\n\n<p>Assunto: Aprecia\u00e7\u00e3o e Arrependimento \u2013 Rejei\u00e7\u00e3o de Oferta de Emprego<\/p>\n\n\n\n<p>Prezado [nome do gerente de contrata\u00e7\u00e3o],<\/p>\n\n\n\n<p>Espero que este e-mail encontre bem. Gostaria de expressar minha sincera gratid\u00e3o pela oportunidade de entrevistar a [Nome da empresa] e por estender a oferta de emprego para a fun\u00e7\u00e3o de [Cargo]. Agrade\u00e7o o tempo e esfor\u00e7o investidos por voc\u00ea e por toda a equipe durante o processo de entrevista.<\/p>\n\n\n\n<p>Ap\u00f3s cuidadosa considera\u00e7\u00e3o e reflex\u00e3o, cheguei \u00e0 dif\u00edcil decis\u00e3o de recusar a oferta de emprego. Por favor, entenda que esta n\u00e3o foi uma escolha f\u00e1cil de fazer, pois fiquei genuinamente impressionado com a [Nome da Empresa] e com a equipe maravilhosa que tive o prazer de conhecer. As conversas que tivemos e os insights que obtive sobre a organiza\u00e7\u00e3o apenas refor\u00e7aram minha admira\u00e7\u00e3o pela [Nome da Empresa].<\/p>\n\n\n\n<p>No entanto, ap\u00f3s uma avalia\u00e7\u00e3o minuciosa e pondera\u00e7\u00e3o de v\u00e1rios fatores, determinei que a fun\u00e7\u00e3o n\u00e3o se alinha perfeitamente com meus objetivos e aspira\u00e7\u00f5es profissionais de longo prazo. Embora aprecie genuinamente a oportunidade e a confian\u00e7a que depositaram em mim, acredito que \u00e9 crucial para mim seguir um caminho diferente que se alinhe melhor com as minhas circunst\u00e2ncias atuais e objetivos futuros.<\/p>\n\n\n\n<p>Quero enfatizar meu maior respeito e admira\u00e7\u00e3o pelos valores, cultura e dedica\u00e7\u00e3o da [Nome da Empresa] a [aspecto espec\u00edfico da empresa]. Tenho certeza de que a [Nome da Empresa] continuar\u00e1 a prosperar e a causar um impacto significativo no setor.<\/p>\n\n\n\n<p>Agrade\u00e7o genuinamente o tempo e a considera\u00e7\u00e3o que voc\u00ea e sua equipe me dedicaram ao longo deste processo. Seu profissionalismo e a experi\u00eancia positiva que tive com a [Nome da Empresa] ser\u00e3o lembrados. Ficaria honrado em permanecer conectado com a [Nome da Empresa] e a equipe, pois acredito que construir relacionamentos profissionais \u00e9 essencial para o crescimento m\u00fatuo e oportunidades futuras.<\/p>\n\n\n\n<p>Obrigado mais uma vez pela sua compreens\u00e3o e estenda minha gratid\u00e3o a toda a equipe. Desejo a todos voc\u00eas sucesso cont\u00ednuo na consecu\u00e7\u00e3o de seus objetivos.<\/p>\n\n\n\n<p>Atenciosamente,<\/p>\n\n\n\n<p>[Seu nome]<\/p>\n\n\n\n<figure class=\"wp-block-image size-large\"><img decoding=\"async\" src=\"data:image\/gif;base64,R0lGODlhAQABAIAAAAAAAP\/\/\/yH5BAEAAAAALAAAAAABAAEAAAIBRAA7\" data-src=\"https:\/\/affiv.com\/wp-content\/uploads\/2023\/10\/pexels-photo-374074-1024x682.jpeg\" alt=\"pessoa usando macbook pro\" class=\"wp-image-1229 lazyload\"\/><noscript><img decoding=\"async\" width=\"900\" height=\"599\" src=\"https:\/\/i0.wp.com\/affiv.com\/wp-content\/uploads\/2023\/10\/pexels-photo-374074-1024x682.jpeg?resize=900%2C599&#038;ssl=1\" alt=\"pessoa usando macbook pro\" class=\"wp-image-1229 lazyload\" srcset=\"https:\/\/i0.wp.com\/affiv.com\/wp-content\/uploads\/2023\/10\/pexels-photo-374074.jpeg?resize=1024%2C682&amp;ssl=1 1024w, https:\/\/i0.wp.com\/affiv.com\/wp-content\/uploads\/2023\/10\/pexels-photo-374074.jpeg?resize=300%2C200&amp;ssl=1 300w, https:\/\/i0.wp.com\/affiv.com\/wp-content\/uploads\/2023\/10\/pexels-photo-374074.jpeg?resize=768%2C512&amp;ssl=1 768w, https:\/\/i0.wp.com\/affiv.com\/wp-content\/uploads\/2023\/10\/pexels-photo-374074.jpeg?resize=1536%2C1024&amp;ssl=1 1536w, https:\/\/i0.wp.com\/affiv.com\/wp-content\/uploads\/2023\/10\/pexels-photo-374074.jpeg?resize=18%2C12&amp;ssl=1 18w, https:\/\/i0.wp.com\/affiv.com\/wp-content\/uploads\/2023\/10\/pexels-photo-374074.jpeg?resize=600%2C400&amp;ssl=1 600w, https:\/\/i0.wp.com\/affiv.com\/wp-content\/uploads\/2023\/10\/pexels-photo-374074.jpeg?w=1880&amp;ssl=1 1880w, https:\/\/i0.wp.com\/affiv.com\/wp-content\/uploads\/2023\/10\/pexels-photo-374074.jpeg?w=1800 1800w\" sizes=\"(max-width: 900px) 100vw, 900px\" data-recalc-dims=\"1\" \/><\/noscript><figcaption class=\"wp-element-caption\">Foto por Burst em <a href=\"https:\/\/www.pexels.com\/photo\/person-using-macbook-pro-374074\/\" rel=\"nofollow noopener\" target=\"_blank\">Pexels.com<\/a><\/figcaption><\/figure>\n\n\n\n<h3 class=\"wp-block-heading\"><strong>Expressando gratid\u00e3o e apre\u00e7o<\/strong><\/h3>\n\n\n\n<p>Expressar gratid\u00e3o \u00e9 uma parte importante para rejeitar educadamente uma oferta de emprego. Agrade\u00e7a ao empregador por consider\u00e1-lo como candidato e pela oportunidade de aprender mais sobre a empresa. Destaque aspectos espec\u00edficos do processo de entrevista ou da organiza\u00e7\u00e3o que voc\u00ea gostou. Ao demonstrar gratid\u00e3o genu\u00edna, voc\u00ea deixa uma impress\u00e3o positiva e mant\u00e9m um relacionamento respeitoso com o empregador.<\/p>\n\n\n\n<h3 class=\"wp-block-heading\"><strong>Fornecendo uma explica\u00e7\u00e3o clara e concisa<\/strong><\/h3>\n\n\n\n<p>Embora n\u00e3o seja obrigat\u00f3rio fornecer uma explica\u00e7\u00e3o para sua decis\u00e3o, oferecer uma explica\u00e7\u00e3o breve e honesta pode ser \u00fatil. Concentre-se em motivos n\u00e3o pessoais e objetivos, como uma melhor adequa\u00e7\u00e3o a outra oportunidade ou uma mudan\u00e7a nas circunst\u00e2ncias pessoais. No entanto, evite entrar em detalhes excessivos ou fornecer muitas informa\u00e7\u00f5es, pois podem n\u00e3o ser necess\u00e1rias e podem causar mal-entendidos.<\/p>\n\n\n\n<h3 class=\"wp-block-heading\"><strong>Manter um relacionamento positivo com o empregador<\/strong><\/h3>\n\n\n\n<p>Mesmo que voc\u00ea recuse a oferta de emprego, \u00e9 essencial manter um relacionamento positivo com o empregador e a empresa. Enfatize seu interesse cont\u00ednuo na organiza\u00e7\u00e3o e expresse seu desejo de permanecer conectado para poss\u00edveis oportunidades futuras. O networking e a manuten\u00e7\u00e3o de relacionamentos profissionais podem abrir portas para novas possibilidades no futuro, portanto, deixar uma impress\u00e3o positiva \u00e9 crucial.<\/p>\n\n\n\n<h3 class=\"wp-block-heading\"><strong>Oferecendo feedback construtivo (opcional)<\/strong><\/h3>\n\n\n\n<p>Embora nem sempre seja necess\u00e1rio, fornecer feedback construtivo pode ser apreciado pelo empregador. Se voc\u00ea se sentir confort\u00e1vel e acreditar que isso pode ser valioso, voc\u00ea pode oferecer feedback sobre o processo de entrevista ou sobre aspectos da fun\u00e7\u00e3o que voc\u00ea acredita que poderiam ser melhorados. No entanto, tenha tato e concentre-se em fornecer sugest\u00f5es em vez de cr\u00edticas. Lembre-se de encontrar um equil\u00edbrio entre ser prestativo e respeitoso.<\/p>\n\n\n\n<h3 class=\"wp-block-heading\"><strong>Lidando com uma contraoferta com eleg\u00e2ncia<\/strong><\/h3>\n\n\n\n<p>Em alguns casos, o empregador pode responder \u00e0 sua rejei\u00e7\u00e3o com uma contraproposta. Se voc\u00ea se encontrar nessa situa\u00e7\u00e3o, \u00e9 essencial lidar com isso com eleg\u00e2ncia. Reserve um tempo para avaliar a contraproposta e considere se ela aborda os motivos pelos quais voc\u00ea recusou inicialmente. Seja transparente com o empregador sobre sua decis\u00e3o e expresse seu agradecimento pela disposi\u00e7\u00e3o dele em negociar. No entanto, mantenha sua decis\u00e3o firme se acreditar que ela \u00e9 a certa para sua carreira.<\/p>\n\n\n\n<figure class=\"wp-block-image size-large\"><img decoding=\"async\" src=\"data:image\/gif;base64,R0lGODlhAQABAIAAAAAAAP\/\/\/yH5BAEAAAAALAAAAAABAAEAAAIBRAA7\" data-src=\"https:\/\/affiv.com\/wp-content\/uploads\/2023\/10\/pexels-photo-652355-1024x678.jpeg\" alt=\"homem vestindo palet\u00f3 e gravata listrada\" class=\"wp-image-1230 lazyload\"\/><noscript><img decoding=\"async\" width=\"900\" height=\"596\" src=\"https:\/\/i0.wp.com\/affiv.com\/wp-content\/uploads\/2023\/10\/pexels-photo-652355-1024x678.jpeg?resize=900%2C596&#038;ssl=1\" alt=\"homem vestindo palet\u00f3 e gravata listrada\" class=\"wp-image-1230 lazyload\" srcset=\"https:\/\/i0.wp.com\/affiv.com\/wp-content\/uploads\/2023\/10\/pexels-photo-652355.jpeg?resize=1024%2C678&amp;ssl=1 1024w, https:\/\/i0.wp.com\/affiv.com\/wp-content\/uploads\/2023\/10\/pexels-photo-652355.jpeg?resize=300%2C199&amp;ssl=1 300w, https:\/\/i0.wp.com\/affiv.com\/wp-content\/uploads\/2023\/10\/pexels-photo-652355.jpeg?resize=768%2C509&amp;ssl=1 768w, https:\/\/i0.wp.com\/affiv.com\/wp-content\/uploads\/2023\/10\/pexels-photo-652355.jpeg?resize=1536%2C1017&amp;ssl=1 1536w, https:\/\/i0.wp.com\/affiv.com\/wp-content\/uploads\/2023\/10\/pexels-photo-652355.jpeg?resize=18%2C12&amp;ssl=1 18w, https:\/\/i0.wp.com\/affiv.com\/wp-content\/uploads\/2023\/10\/pexels-photo-652355.jpeg?w=1880&amp;ssl=1 1880w, https:\/\/i0.wp.com\/affiv.com\/wp-content\/uploads\/2023\/10\/pexels-photo-652355.jpeg?w=1800 1800w\" sizes=\"(max-width: 900px) 100vw, 900px\" data-recalc-dims=\"1\" \/><\/noscript><figcaption class=\"wp-element-caption\">Foto de Lukas em <a href=\"https:\/\/www.pexels.com\/photo\/man-wearing-a-suit-jacket-and-stripe-necktie-652355\/\" rel=\"nofollow noopener\" target=\"_blank\">Pexels.com<\/a><\/figcaption><\/figure>\n\n\n\n<h3 class=\"wp-block-heading\"><strong>Refletindo sobre a experi\u00eancia e seguindo em frente<\/strong><\/h3>\n\n\n\n<p>Por fim, aproveite para refletir sobre a experi\u00eancia e o que voc\u00ea aprendeu com ela. Considere como o processo de entrevista e a oferta de emprego est\u00e3o alinhados com suas expectativas e prioridades. Use essa experi\u00eancia para refinar sua busca de emprego e processo de tomada de decis\u00e3o no futuro. Lembre-se de que rejeitar uma oferta de emprego faz parte de sua jornada profissional e, ao lidar com isso de maneira profissional, voc\u00ea est\u00e1 dando um passo para encontrar a oportunidade certa que se alinhe com seus objetivos e aspira\u00e7\u00f5es.<\/p>\n\n\n\n<h3 class=\"wp-block-heading\">Conclus\u00e3o<\/h3>\n\n\n\n<p>Rejeitar uma oferta de emprego nunca \u00e9 uma tarefa f\u00e1cil, mas ao abord\u00e1-la com profissionalismo e cortesia, voc\u00ea pode navegar pela situa\u00e7\u00e3o com eleg\u00e2ncia. Lembre-se de que uma rejei\u00e7\u00e3o educada n\u00e3o apenas preserva a sua reputa\u00e7\u00e3o, mas tamb\u00e9m demonstra o seu respeito pelo empregador e pelo seu tempo. Ao expressar gratid\u00e3o, fornecer explica\u00e7\u00f5es claras e manter um relacionamento positivo, voc\u00ea est\u00e1 preparando o terreno para conex\u00f5es futuras e oportunidades potenciais. A capacidade de rejeitar bem uma oferta de emprego \u00e9 uma habilidade valiosa que ser\u00e1 \u00fatil ao longo de sua carreira. Portanto, respire fundo, aborde a situa\u00e7\u00e3o com aten\u00e7\u00e3o e avance com confian\u00e7a em busca da oportunidade certa que se alinhe com seus objetivos e aspira\u00e7\u00f5es.<\/p>","protected":false},"excerpt":{"rendered":"<p>Parab\u00e9ns! Voc\u00ea recebeu uma oferta de emprego. \u00c9 um momento emocionante em sua jornada de busca de emprego. No entanto, ap\u00f3s uma considera\u00e7\u00e3o cuidadosa, voc\u00ea chegou \u00e0 dif\u00edcil decis\u00e3o de que esta oportunidade espec\u00edfica n\u00e3o \u00e9. <a class=\"read-more-link\" href=\"https:\/\/affiv.com\/pt\/como-rejeitar-uma-oferta-de-emprego-bem\/\">leia mais...<\/a><\/p>","protected":false},"author":1,"featured_media":1230,"comment_status":"closed","ping_status":"open","sticky":false,"template":"","format":"standard","meta":{"_jetpack_memberships_contains_paid_content":false,"footnotes":""},"categories":[166],"tags":[],"class_list":["post-1227","post","type-post","status-publish","format-standard","has-post-thumbnail","hentry","category-how-to"],"jetpack_sharing_enabled":true,"jetpack_featured_media_url":"https:\/\/i0.wp.com\/affiv.com\/wp-content\/uploads\/2023\/10\/pexels-photo-652355.jpeg?fit=1880%2C1245&ssl=1","jetpack-related-posts":[],"_links":{"self":[{"href":"https:\/\/affiv.com\/pt\/wp-json\/wp\/v2\/posts\/1227","targetHints":{"allow":["GET"]}}],"collection":[{"href":"https:\/\/affiv.com\/pt\/wp-json\/wp\/v2\/posts"}],"about":[{"href":"https:\/\/affiv.com\/pt\/wp-json\/wp\/v2\/types\/post"}],"author":[{"embeddable":true,"href":"https:\/\/affiv.com\/pt\/wp-json\/wp\/v2\/users\/1"}],"replies":[{"embeddable":true,"href":"https:\/\/affiv.com\/pt\/wp-json\/wp\/v2\/comments?post=1227"}],"version-history":[{"count":1,"href":"https:\/\/affiv.com\/pt\/wp-json\/wp\/v2\/posts\/1227\/revisions"}],"predecessor-version":[{"id":1231,"href":"https:\/\/affiv.com\/pt\/wp-json\/wp\/v2\/posts\/1227\/revisions\/1231"}],"wp:featuredmedia":[{"embeddable":true,"href":"https:\/\/affiv.com\/pt\/wp-json\/wp\/v2\/media\/1230"}],"wp:attachment":[{"href":"https:\/\/affiv.com\/pt\/wp-json\/wp\/v2\/media?parent=1227"}],"wp:term":[{"taxonomy":"category","embeddable":true,"href":"https:\/\/affiv.com\/pt\/wp-json\/wp\/v2\/categories?post=1227"},{"taxonomy":"post_tag","embeddable":true,"href":"https:\/\/affiv.com\/pt\/wp-json\/wp\/v2\/tags?post=1227"}],"curies":[{"name":"wp","href":"https:\/\/api.w.org\/{rel}","templated":true}]}}